[{"@context":"https:\/\/schema.org\/","@type":"Article","@id":"https:\/\/www.bestav.cz\/novy-pristup-k-obytnemu-prostoru\/#Article","mainEntityOfPage":"https:\/\/www.bestav.cz\/novy-pristup-k-obytnemu-prostoru\/","headline":"Nov\u00fd p\u0159\u00edstup k obytn\u00e9mu prostoru","name":"Nov\u00fd p\u0159\u00edstup k obytn\u00e9mu prostoru","description":"V dne\u0161n\u00ed dob\u011b se st\u00e1le v\u00edce sna\u017e\u00ed lid\u00e9 prosazovat svoji vlastn\u00ed individualitu, svoji jedine\u010dnost. To se prom\u00edt\u00e1 i do zp\u016fsobu za\u0159izov\u00e1n\u00ed byt\u016f, \u010di dom\u016f. Neobvykl\u00e1 \u0159e\u0161en\u00ed v duchu vkusu ka\u017ed\u00e9ho jednotlivce jsou dnes naprosto b\u011b\u017en\u00e1. Tak jako si m\u016f\u017eete objednat","datePublished":"2024-12-26","dateModified":"2024-12-26","author":{"@type":"Person","@id":"https:\/\/www.bestav.cz\/author\/#Person","name":"","url":"https:\/\/www.bestav.cz\/author\/","identifier":1,"image":{"@type":"ImageObject","@id":"https:\/\/secure.gravatar.com\/avatar\/6eaf701939e92690bed32d6f2e2c0f9e1355f2e3837c1fb45fbfacf848239e2d?s=96&d=mm&r=g","url":"https:\/\/secure.gravatar.com\/avatar\/6eaf701939e92690bed32d6f2e2c0f9e1355f2e3837c1fb45fbfacf848239e2d?s=96&d=mm&r=g","height":96,"width":96}},"publisher":{"@type":"Organization","name":"bestav.cz","logo":{"@type":"ImageObject","@id":"\/logo.png","url":"\/logo.png","width":600,"height":60}},"url":"https:\/\/www.bestav.cz\/novy-pristup-k-obytnemu-prostoru\/","wordCount":211,"articleBody":"V dne\u0161n\u00ed dob\u011b se st\u00e1le v\u00edce sna\u017e\u00ed lid\u00e9 prosazovat svoji vlastn\u00ed individualitu, svoji jedine\u010dnost. To se prom\u00edt\u00e1 i do zp\u016fsobu za\u0159izov\u00e1n\u00ed byt\u016f, \u010di dom\u016f. Neobvykl\u00e1 \u0159e\u0161en\u00ed v duchu vkusu ka\u017ed\u00e9ho jednotlivce jsou dnes naprosto b\u011b\u017en\u00e1. Tak jako si m\u016f\u017eete objednat atypick\u00fd n\u00e1bytek do atypicky \u0159e\u0161en\u00e9ho prostoru, stejn\u011b tak si m\u016f\u017eete doplnit tento prostor i nev\u0161edn\u00edm obrazem. Zp\u016fsob \u017eivota zejm\u00e9na mnoh\u00fdch mlad\u00fdch lid\u00ed tomu nahr\u00e1v\u00e1. Cht\u011bj\u00ed b\u00fdt sv\u00ed, netuctov\u00ed, c\u00edtit se ve vlastn\u00edm obytn\u00e9m prostoru dob\u0159e a pohodln\u011b a z\u00e1rove\u0148 vyjad\u0159ovat sv\u016fj ur\u010dit\u00fd \u017eivotn\u00ed postoj, svoji filosofii \u017eivota, sv\u016fj charakter. Jedn\u00edm ze zp\u016fsob\u016f, jak to projevit jsou i modern\u00ed obrazy, jimi\u017e se dotv\u00e1\u0159\u00ed celkov\u00fd charakter interi\u00e9ru. Modern\u00ed um\u011bn\u00ed, pop-art, reprodukce, nov\u00e9 technologie Modern\u00edmu \u010dlov\u011bku, pokud netrv\u00e1 snobsky na origin\u00e1le toho prav\u00e9ho \u201ein\u201c v\u00fdtvarn\u00edka, je dnes dostupn\u00e1 cel\u00e1 \u0161k\u00e1la objekt\u016f, kter\u00e9 m\u016f\u017eeme ozna\u010dit jako modern\u00ed obrazy. A nav\u00edc to nemus\u00ed b\u00fdt finan\u010dn\u011b ani n\u00e1kladn\u00e9. Nahr\u00e1vaj\u00ed tomu dostupn\u00e9 technologie i globalizovan\u00fd trh.                                                                                                                                                                                                                                                                                                                                                                                        5\/5 - (1 vote)        Nov\u00fd p\u0159\u00edstup k obytn\u00e9mu prostoru"},{"@context":"https:\/\/schema.org\/","@type":"BreadcrumbList","itemListElement":[{"@type":"ListItem","position":1,"name":"Nov\u00fd p\u0159\u00edstup k obytn\u00e9mu prostoru","item":"https:\/\/www.bestav.cz\/novy-pristup-k-obytnemu-prostoru\/#breadcrumbitem"}]}]